{"id":2273,"date":"2022-09-08T13:05:16","date_gmt":"2022-09-08T13:05:16","guid":{"rendered":"https:\/\/blog.viscofandobrasil.com.br\/?p=2273"},"modified":"2023-09-13T14:50:36","modified_gmt":"2023-09-13T14:50:36","slug":"jose-antonio-canales-ceo-da-viscofan-recebera-o-premio-de-gerente-do-ano-em-navarra-na-espanha","status":"publish","type":"post","link":"https:\/\/blog.viscofandobrasil.com.br\/en\/jose-antonio-canales-ceo-da-viscofan-recebera-o-premio-de-gerente-do-ano-em-navarra-na-espanha\/","title":{"rendered":"Jos\u00e9 Antonio Canales, CEO da Viscofan, receber\u00e1 o Pr\u00eamio de Gerente do Ano em Navarra, na Espanha."},"content":{"rendered":"<div class=\"vce-row-container\" data-vce-boxed-width=\"true\"><div class=\"vce-row vce-row--col-gap-30 vce-row-equal-height vce-row-content--top\" id=\"el-41eda4ff\" data-vce-do-apply=\"all el-41eda4ff\"><div class=\"vce-row-content\" data-vce-element-content=\"true\"><div class=\"vce-col vce-col--md-auto vce-col--xs-1 vce-col--xs-last vce-col--xs-first vce-col--sm-last vce-col--sm-first vce-col--md-first vce-col--lg-first vce-col--xl-first\" id=\"el-234b629d\"><div class=\"vce-col-inner\" data-vce-do-apply=\"border margin background  el-234b629d\"><div class=\"vce-col-content\" data-vce-element-content=\"true\" data-vce-do-apply=\"padding el-234b629d\"><div><\/div><\/div><\/div><\/div><div class=\"vce-col vce-col--md-auto vce-col--xs-1 vce-col--xs-last vce-col--xs-first vce-col--sm-last vce-col--sm-first\" id=\"el-1839669a\"><div class=\"vce-col-inner\" data-vce-do-apply=\"border margin background  el-1839669a\"><div class=\"vce-col-content\" data-vce-element-content=\"true\" data-vce-do-apply=\"padding el-1839669a\"><div><\/div><\/div><\/div><\/div><div class=\"vce-col vce-col--md-auto vce-col--xs-1 vce-col--xs-last vce-col--xs-first vce-col--sm-last vce-col--sm-first vce-col--md-last vce-col--lg-last vce-col--xl-last\" id=\"el-40929d81\"><div class=\"vce-col-inner\" data-vce-do-apply=\"border margin background  el-40929d81\"><div class=\"vce-col-content\" data-vce-element-content=\"true\" data-vce-do-apply=\"padding el-40929d81\"><div class=\"vce-shortcode\"><div class=\"vce-shortcode-wrapper vce\" id=\"el-ffead079\" data-vce-do-apply=\"all el-ffead079\"><div class=\"sfsi_widget sfsi_shortcode_container\"><div class=\"norm_row sfsi_wDiv \"  style=\"width:215px;text-align:left;\"><div style='width:40px; height:40px;margin-left:3px;margin-bottom:5px; ' class='sfsi_wicons shuffeldiv ' ><div class='inerCnt'><a class=' sficn' data-effect='' target='_blank'  href='' id='sfsiid_facebook_icon' style='width:40px;height:40px;opacity:1;'  ><img data-pin-nopin='true' alt='Facebook' title='Facebook' src='https:\/\/blog.viscofandobrasil.com.br\/wp-content\/plugins\/ultimate-social-media-icons\/images\/icons_theme\/thin\/thin_facebook.png' width='40' height='40' style='' class='sfcm sfsi_wicon ' data-effect=''   \/><\/a><div class=\"sfsi_tool_tip_2 fb_tool_bdr sfsiTlleft\" style=\"opacity:0;z-index:-1;\" id=\"sfsiid_facebook\"><span class=\"bot_arow bot_fb_arow\"><\/span><div class=\"sfsi_inside\"><div  class='icon2'><div class=\"fb-like\" data-href=\"http:\/\/https%3A%2F%2Fblog.viscofandobrasil.com.br%2Fen%2Fwp-json%2Fwp%2Fv2%2Fposts%2F2273%2F\" data-layout=\"button\" data-action=\"like\" data-show-faces=\"false\" data-share=\"true\"><\/div><\/div><div  class='icon3'><a target='_blank' href='https:\/\/www.facebook.com\/sharer\/sharer.php?u=https%3A%2F%2Fblog.viscofandobrasil.com.br%2Fen%2Fwp-json%2Fwp%2Fv2%2Fposts%2F2273%2F' style='display:inline-block;'  > <img class='sfsi_wicon'  data-pin-nopin='true' alt='fb-share-icon' title='Facebook Share' src='https:\/\/blog.viscofandobrasil.com.br\/wp-content\/plugins\/ultimate-social-media-icons\/images\/share_icons\/fb_icons\/en_US.svg' \/><\/a><\/div><\/div><\/div><\/div><\/div><div style='width:40px; height:40px;margin-left:3px;margin-bottom:5px; ' class='sfsi_wicons shuffeldiv ' ><div class='inerCnt'><a class=' sficn' data-effect='' target='_blank'  href='' id='sfsiid_linkedin_icon' style='width:40px;height:40px;opacity:1;'  ><img data-pin-nopin='true' alt='LinkedIn' title='LinkedIn' src='https:\/\/blog.viscofandobrasil.com.br\/wp-content\/plugins\/ultimate-social-media-icons\/images\/icons_theme\/thin\/thin_linkedin.png' width='40' height='40' style='' class='sfcm sfsi_wicon ' data-effect=''   \/><\/a><div class=\"sfsi_tool_tip_2 linkedin_tool_bdr sfsiTlleft\" style=\"opacity:0;z-index:-1;\" id=\"sfsiid_linkedin\"><span class=\"bot_arow bot_linkedin_arow\"><\/span><div class=\"sfsi_inside\"><div  class='icon2'><a target='_blank' href=\"https:\/\/www.linkedin.com\/sharing\/share-offsite\/?url=https%3A%2F%2Fblog.viscofandobrasil.com.br%2Fen%2Fwp-json%2Fwp%2Fv2%2Fposts%2F2273%2F\"><img class=\"sfsi_wicon\" data-pin-nopin= true alt=\"Share\" title=\"Share\" src=\"https:\/\/blog.viscofandobrasil.com.br\/wp-content\/plugins\/ultimate-social-media-icons\/images\/share_icons\/Linkedin_Share\/en_US_share.svg\" \/><\/a><\/div><\/div><\/div><\/div><\/div><div style='width:40px; height:40px;margin-left:3px;margin-bottom:5px; ' class='sfsi_wicons shuffeldiv ' ><div class='inerCnt'><a class=' sficn' data-effect='' target='_blank'  href='' id='sfsiid_instagram_icon' style='width:40px;height:40px;opacity:1;'  ><img data-pin-nopin='true' alt='Instagram' title='Instagram' src='https:\/\/blog.viscofandobrasil.com.br\/wp-content\/plugins\/ultimate-social-media-icons\/images\/icons_theme\/thin\/thin_instagram.png' width='40' height='40' style='' class='sfcm sfsi_wicon ' data-effect=''   \/><\/a><\/div><\/div><div style='width:40px; height:40px;margin-left:3px;margin-bottom:5px; ' class='sfsi_wicons shuffeldiv ' ><div class='inerCnt'><a class=' sficn' data-effect='' target='_blank'  href='https:\/\/api.whatsapp.com\/send?text=https%3A%2F%2Fblog.viscofandobrasil.com.br%2Fen%2Fjose-antonio-canales-ceo-da-viscofan-recebera-o-premio-de-gerente-do-ano-em-navarra-na-espanha%2F' id='sfsiid_whatsapp_icon' style='width:40px;height:40px;opacity:1;'  ><img data-pin-nopin='true' alt='' title='' src='https:\/\/blog.viscofandobrasil.com.br\/wp-content\/plugins\/ultimate-social-media-icons\/images\/icons_theme\/thin\/thin_whatsapp.png' width='40' height='40' style='' class='sfcm sfsi_wicon ' data-effect=''   \/><\/a><\/div><\/div><\/div ><div id=\"sfsi_holder\" class=\"sfsi_holders\" style=\"position: relative; float: left;width:100%;z-index:-1;\"><\/div ><script>window.addEventListener(\"sfsi_functions_loaded\", function()\n\t\t\t{\n\t\t\t\tif (typeof sfsi_widget_set == \"function\") {\n\t\t\t\t\tsfsi_widget_set();\n\t\t\t\t}\n\t\t\t}); <\/script><div style=\"clear: both;\"><\/div><\/div><\/div><\/div><\/div><\/div><\/div><\/div><\/div><\/div><div class=\"vce-row-container\" data-vce-boxed-width=\"true\"><div class=\"vce-row vce-row--col-gap-30 vce-row-equal-height vce-row-content--top\" id=\"el-5bb06cf1\" data-vce-do-apply=\"all el-5bb06cf1\"><div class=\"vce-row-content\" data-vce-element-content=\"true\"><div class=\"vce-col vce-col--md-auto vce-col--xs-1 vce-col--xs-last vce-col--xs-first vce-col--sm-last vce-col--sm-first vce-col--md-last vce-col--lg-last vce-col--xl-last vce-col--md-first vce-col--lg-first vce-col--xl-first\" id=\"el-94366637\"><div class=\"vce-col-inner\" data-vce-do-apply=\"border margin background  el-94366637\"><div class=\"vce-col-content\" data-vce-element-content=\"true\" data-vce-do-apply=\"padding el-94366637\"><div class=\"vce-text-block\"><div class=\"vce-text-block-wrapper vce\" id=\"el-725828d9\" data-vce-do-apply=\"all el-725828d9\"><p>No dia 16 de setembro, Jos\u00e9 Antonio Canales, CEO da Viscofan, receber\u00e1 o Pr\u00eamio de Gerente do Ano (PDA) em Navarra, na Espanha. Este \u00e9 um Pr\u00eamio promovido pela <em>DN Management<\/em> - plataforma Di\u00e1rio de Navarra e a Associa\u00e7\u00e3o para o Progresso da Gest\u00e3o (APD).&nbsp; O Pr\u00eamio \u00e9 patrocinado pelo Governo de Navarra e o CaixaBank.<\/p>\n<p>&nbsp;O Pr\u00eamio \u201cGestor do Ano em Navarra\u201d destaca os gestores, sejam eles de empresas p\u00fablicas ou privadas, e que operem em qualquer estrutura societ\u00e1ria.&nbsp; Para que possam participar dessa premia\u00e7\u00e3o, os eleitos n\u00e3o podem deter mais de 15% de participa\u00e7\u00e3o na empresa em que atuam, exceto no caso de cooperativas, em que o diretor pode ser cooperado, desde que sejam cooperativas com mais de 50 cooperados.<\/p>\n<p>&nbsp;O j\u00fari do PDA 2022 foi composto por representantes das entidades promotoras, s\u00e3o eles: Izaskun Go\u00f1i, diretor geral de Pol\u00edtica Empresarial, Proje\u00e7\u00e3o Internacional e Trabalho do Governo de Navarra, e presidindo o j\u00fari:&nbsp; Isabel Moreno, diretora territorial do CaixaBank em Navarra. Tamb\u00e9m fazem parte da comiss\u00e3o julgadora: Arag\u00e3o e La Rioja; Jos\u00e9 Manuel Erro, diretor geral do Grupo de Informa\u00e7\u00e3o; H\u00e9ctor Barbarin, presidente da APD Navarra, bem como, os diretores da APD Navarra: Javier Aranguren, C\u00e9sar Arraiza e Juan Go\u00f1i.<\/p>\n<p>&nbsp;O j\u00fari reconheceu Jos\u00e9 Antonio Canales pelo seu m\u00e9rito em contribuir com o desenvolvimento econ\u00f4mico e empresarial de Navarra, pois, atrav\u00e9s do seu envolvimento na empresa, fez da Viscofan \"uma empresa de grande prest\u00edgio em Navarra\".&nbsp; Sua valiosa contribui\u00e7\u00e3o, impulsionou o crescimento e o impacto da empresa no meio econ\u00f4mico empresarial, posicionando a Viscofan, como l\u00edder mundial na ind\u00fastria de envolt\u00f3rios para o setor aliment\u00edcio\u201d.&nbsp; Sua trajet\u00f3ria na empresa tamb\u00e9m \u00e9 valorizada desde 1996, quando ingressou como gerente geral da Viscofan no Brasil, onde liderou a expans\u00e3o do grupo na Am\u00e9rica do Sul, at\u00e9 a sua nomea\u00e7\u00e3o em 2006 como gerente geral da Viscofan SA e das empresas do grupo.&nbsp;<\/p>\n<p>A partir desta trajet\u00f3ria na carreira e at\u00e9 o presente momento, Canales tem contribu\u00eddo significativamente para refor\u00e7ar a lideran\u00e7a da empresa e sua expans\u00e3o internacional.<\/p>\n<p>&nbsp;O Pr\u00eamio, que surgiu no ano de 2021, retorna com sua segunda edi\u00e7\u00e3o e ser\u00e1 entregue em cerim\u00f4nia p\u00fablica no dia 16 de setembro, no Castelo do Gorraiz, \u00e0s 13h00, logo ap\u00f3s o almo\u00e7o.&nbsp; O Ministro do Desenvolvimento Econ\u00f4mico e Empresarial do Governo de Navarra, Mikel Irujo, e a presidente nacional da APD, Laura Gonz\u00e1lez-Molero, tamb\u00e9m participar\u00e3o do evento.&nbsp; Al\u00e9m disso, haver\u00e1 a participa\u00e7\u00e3o de Loida Primo, considerado o \u201cMelhor Palestrante de 2022 em Pr\u00eamios de Excel\u00eancia Educacional\u201d. O objetivo do Pr\u00eamio consiste em: promover o bom trabalho dos profissionais que governam e lideram as empresas de Navarra, bem como reconhecer e tornar vis\u00edvel a sua contribui\u00e7\u00e3o para a riqueza e progresso da Comunidade Local.<\/p>\n<p>A <em>DN Management<\/em>, plataforma do Di\u00e1rio de Navarra, oferece informa\u00e7\u00e3o e servi\u00e7os para empresas e profissionais de Navarra. Essa plataforma atua como um ponto de encontro para a comunidade que \u00e9 vital na economia empresarial de Navarra, desde empreendedores a gerentes, freelancers, comerciantes, hoteleiros, transportadores e um amplo grupo de profissionais.&nbsp; Por sua vez, <em>a Association for the Progress of Management - APD<\/em> (Associa\u00e7\u00e3o para o Progresso da Gest\u00e3o) \u00e9 uma organiza\u00e7\u00e3o independente, sem fins lucrativos, que tem como objetivo \u201cconstruir uma comunidade profissional mais preparada e unida, atenta \u00e0s tend\u00eancias que est\u00e3o mudando o mundo, ao facilitar o acesso a especialistas e l\u00edderes empresariais e contribui para que as empresas encontrem as ferramentas necess\u00e1rias para crescimento e <em>networking<\/em>\u201d. A associa\u00e7\u00e3o conta com mais de 3.500 empresas associadas e mais de 50.000 gestores registrados anualmente em suas atividades em toda a Espanha.<\/p><\/div><\/div><\/div><\/div><\/div><\/div><\/div><\/div>","protected":false},"excerpt":{"rendered":"<p>No dia 16 de setembro, Jos\u00e9 Antonio Canales, CEO da Viscofan, receber\u00e1 o Pr\u00eamio de Gerente do Ano (PDA) em [&#8230;]<\/p>\n<p><a class=\"btn btn-primary rockcontent-read-more-link\" href=\"https:\/\/blog.viscofandobrasil.com.br\/en\/jose-antonio-canales-ceo-da-viscofan-recebera-o-premio-de-gerente-do-ano-em-navarra-na-espanha\/\">Read More&#8230;<\/a><\/p>\n","protected":false},"author":1,"featured_media":2277,"comment_status":"closed","ping_status":"open","sticky":false,"template":"","format":"standard","meta":{"footnotes":""},"categories":[28],"tags":[],"class_list":["post-2273","post","type-post","status-publish","format-standard","has-post-thumbnail","hentry","category-noticias"],"yoast_head":"<!-- This site is optimized with the Yoast SEO plugin v21.2 - https:\/\/yoast.com\/wordpress\/plugins\/seo\/ -->\n<title>Jos\u00e9 Antonio Canales, CEO da Viscofan, receber\u00e1 o Pr\u00eamio de Gerente do Ano em Navarra, na Espanha. - Blog Viscofan<\/title>\n<meta name=\"robots\" content=\"index, follow, max-snippet:-1, max-image-preview:large, max-video-preview:-1\" \/>\n<link rel=\"canonical\" href=\"https:\/\/blog.viscofandobrasil.com.br\/en\/jose-antonio-canales-ceo-da-viscofan-recebera-o-premio-de-gerente-do-ano-em-navarra-na-espanha\/\" \/>\n<meta property=\"og:locale\" content=\"en_US\" \/>\n<meta property=\"og:type\" content=\"article\" \/>\n<meta property=\"og:title\" content=\"Jos\u00e9 Antonio Canales, CEO da Viscofan, receber\u00e1 o Pr\u00eamio de Gerente do Ano em Navarra, na Espanha. - Blog Viscofan\" \/>\n<meta property=\"og:description\" content=\"No dia 16 de setembro, Jos\u00e9 Antonio Canales, CEO da Viscofan, receber\u00e1 o Pr\u00eamio de Gerente do Ano (PDA) em [...]Read More...\" \/>\n<meta property=\"og:url\" content=\"https:\/\/blog.viscofandobrasil.com.br\/jose-antonio-canales-ceo-da-viscofan-recebera-o-premio-de-gerente-do-ano-em-navarra-na-espanha\/\" \/>\n<meta property=\"og:site_name\" content=\"Blog Viscofan\" \/>\n<meta property=\"article:published_time\" content=\"2022-09-08T13:05:16+00:00\" \/>\n<meta property=\"article:modified_time\" content=\"2023-09-13T14:50:36+00:00\" \/>\n<meta property=\"og:image\" content=\"https:\/\/blog.viscofandobrasil.com.br\/wp-content\/uploads\/2022\/09\/Jose-Antonio-Canales-CEO-da-Viscofan-recebera-o-Premio-de-Gerente-do-Ano-em-Navarra-na-Espanha..jpg\" \/>\n\t<meta property=\"og:image:width\" content=\"477\" \/>\n\t<meta property=\"og:image:height\" content=\"265\" \/>\n\t<meta property=\"og:image:type\" content=\"image\/jpeg\" \/>\n<meta name=\"author\" content=\"Marketing Viscofan\" \/>\n<meta name=\"twitter:card\" content=\"summary_large_image\" \/>\n<meta name=\"twitter:label1\" content=\"Written by\" \/>\n\t<meta name=\"twitter:data1\" content=\"Marketing Viscofan\" \/>\n\t<meta name=\"twitter:label2\" content=\"Est. reading time\" \/>\n\t<meta name=\"twitter:data2\" content=\"4 minutes\" \/>\n<script type=\"application\/ld+json\" class=\"yoast-schema-graph\">{\"@context\":\"https:\/\/schema.org\",\"@graph\":[{\"@type\":\"Article\",\"@id\":\"https:\/\/blog.viscofandobrasil.com.br\/jose-antonio-canales-ceo-da-viscofan-recebera-o-premio-de-gerente-do-ano-em-navarra-na-espanha\/#article\",\"isPartOf\":{\"@id\":\"https:\/\/blog.viscofandobrasil.com.br\/jose-antonio-canales-ceo-da-viscofan-recebera-o-premio-de-gerente-do-ano-em-navarra-na-espanha\/\"},\"author\":{\"name\":\"Marketing Viscofan\",\"@id\":\"https:\/\/blog.viscofandobrasil.com.br\/#\/schema\/person\/0309029710b685f0be9e96355f6d38d3\"},\"headline\":\"Jos\u00e9 Antonio Canales, CEO da Viscofan, receber\u00e1 o Pr\u00eamio de Gerente do Ano em Navarra, na Espanha.\",\"datePublished\":\"2022-09-08T13:05:16+00:00\",\"dateModified\":\"2023-09-13T14:50:36+00:00\",\"mainEntityOfPage\":{\"@id\":\"https:\/\/blog.viscofandobrasil.com.br\/jose-antonio-canales-ceo-da-viscofan-recebera-o-premio-de-gerente-do-ano-em-navarra-na-espanha\/\"},\"wordCount\":687,\"publisher\":{\"@id\":\"https:\/\/blog.viscofandobrasil.com.br\/#organization\"},\"articleSection\":[\"NOT\u00cdCIAS\"],\"inLanguage\":\"en-US\"},{\"@type\":\"WebPage\",\"@id\":\"https:\/\/blog.viscofandobrasil.com.br\/jose-antonio-canales-ceo-da-viscofan-recebera-o-premio-de-gerente-do-ano-em-navarra-na-espanha\/\",\"url\":\"https:\/\/blog.viscofandobrasil.com.br\/jose-antonio-canales-ceo-da-viscofan-recebera-o-premio-de-gerente-do-ano-em-navarra-na-espanha\/\",\"name\":\"Jos\u00e9 Antonio Canales, CEO da Viscofan, receber\u00e1 o Pr\u00eamio de Gerente do Ano em Navarra, na Espanha. - Blog Viscofan\",\"isPartOf\":{\"@id\":\"https:\/\/blog.viscofandobrasil.com.br\/#website\"},\"datePublished\":\"2022-09-08T13:05:16+00:00\",\"dateModified\":\"2023-09-13T14:50:36+00:00\",\"breadcrumb\":{\"@id\":\"https:\/\/blog.viscofandobrasil.com.br\/jose-antonio-canales-ceo-da-viscofan-recebera-o-premio-de-gerente-do-ano-em-navarra-na-espanha\/#breadcrumb\"},\"inLanguage\":\"en-US\",\"potentialAction\":[{\"@type\":\"ReadAction\",\"target\":[\"https:\/\/blog.viscofandobrasil.com.br\/jose-antonio-canales-ceo-da-viscofan-recebera-o-premio-de-gerente-do-ano-em-navarra-na-espanha\/\"]}]},{\"@type\":\"BreadcrumbList\",\"@id\":\"https:\/\/blog.viscofandobrasil.com.br\/jose-antonio-canales-ceo-da-viscofan-recebera-o-premio-de-gerente-do-ano-em-navarra-na-espanha\/#breadcrumb\",\"itemListElement\":[{\"@type\":\"ListItem\",\"position\":1,\"name\":\"In\u00edcio\",\"item\":\"https:\/\/blog.viscofandobrasil.com.br\/\"},{\"@type\":\"ListItem\",\"position\":2,\"name\":\"Jos\u00e9 Antonio Canales, CEO da Viscofan, receber\u00e1 o Pr\u00eamio de Gerente do Ano em Navarra, na Espanha.\"}]},{\"@type\":\"WebSite\",\"@id\":\"https:\/\/blog.viscofandobrasil.com.br\/#website\",\"url\":\"https:\/\/blog.viscofandobrasil.com.br\/\",\"name\":\"Blog Viscofan\",\"description\":\"\",\"publisher\":{\"@id\":\"https:\/\/blog.viscofandobrasil.com.br\/#organization\"},\"potentialAction\":[{\"@type\":\"SearchAction\",\"target\":{\"@type\":\"EntryPoint\",\"urlTemplate\":\"https:\/\/blog.viscofandobrasil.com.br\/?s={search_term_string}\"},\"query-input\":\"required name=search_term_string\"}],\"inLanguage\":\"en-US\"},{\"@type\":\"Organization\",\"@id\":\"https:\/\/blog.viscofandobrasil.com.br\/#organization\",\"name\":\"Blog Viscofan\",\"url\":\"https:\/\/blog.viscofandobrasil.com.br\/\",\"logo\":{\"@type\":\"ImageObject\",\"inLanguage\":\"en-US\",\"@id\":\"https:\/\/blog.viscofandobrasil.com.br\/#\/schema\/logo\/image\/\",\"url\":\"https:\/\/blog.viscofandobrasil.com.br\/wp-content\/uploads\/2022\/03\/cropped-novo-logo-viscofan-1.jpg\",\"contentUrl\":\"https:\/\/blog.viscofandobrasil.com.br\/wp-content\/uploads\/2022\/03\/cropped-novo-logo-viscofan-1.jpg\",\"width\":1000,\"height\":250,\"caption\":\"Blog Viscofan\"},\"image\":{\"@id\":\"https:\/\/blog.viscofandobrasil.com.br\/#\/schema\/logo\/image\/\"}},{\"@type\":\"Person\",\"@id\":\"https:\/\/blog.viscofandobrasil.com.br\/#\/schema\/person\/0309029710b685f0be9e96355f6d38d3\",\"name\":\"Marketing Viscofan\",\"image\":{\"@type\":\"ImageObject\",\"inLanguage\":\"en-US\",\"@id\":\"https:\/\/blog.viscofandobrasil.com.br\/#\/schema\/person\/image\/\",\"url\":\"https:\/\/secure.gravatar.com\/avatar\/6a71d6c8bac7da99ff1f96995b91c28781f50eb7413ece4c8d8788c902b5f46d?s=96&d=mm&r=g\",\"contentUrl\":\"https:\/\/secure.gravatar.com\/avatar\/6a71d6c8bac7da99ff1f96995b91c28781f50eb7413ece4c8d8788c902b5f46d?s=96&d=mm&r=g\",\"caption\":\"Marketing Viscofan\"},\"sameAs\":[\"https:\/\/blog.viscofandobrasil.com.br\"],\"url\":\"https:\/\/blog.viscofandobrasil.com.br\/en\/author\/crespop\/\"}]}<\/script>\n<!-- \/ Yoast SEO plugin. -->","yoast_head_json":{"title":"Jos\u00e9 Antonio Canales, CEO da Viscofan, receber\u00e1 o Pr\u00eamio de Gerente do Ano em Navarra, na Espanha. - Blog Viscofan","robots":{"index":"index","follow":"follow","max-snippet":"max-snippet:-1","max-image-preview":"max-image-preview:large","max-video-preview":"max-video-preview:-1"},"canonical":"https:\/\/blog.viscofandobrasil.com.br\/en\/jose-antonio-canales-ceo-da-viscofan-recebera-o-premio-de-gerente-do-ano-em-navarra-na-espanha\/","og_locale":"en_US","og_type":"article","og_title":"Jos\u00e9 Antonio Canales, CEO da Viscofan, receber\u00e1 o Pr\u00eamio de Gerente do Ano em Navarra, na Espanha. - Blog Viscofan","og_description":"No dia 16 de setembro, Jos\u00e9 Antonio Canales, CEO da Viscofan, receber\u00e1 o Pr\u00eamio de Gerente do Ano (PDA) em [...]Read More...","og_url":"https:\/\/blog.viscofandobrasil.com.br\/jose-antonio-canales-ceo-da-viscofan-recebera-o-premio-de-gerente-do-ano-em-navarra-na-espanha\/","og_site_name":"Blog Viscofan","article_published_time":"2022-09-08T13:05:16+00:00","article_modified_time":"2023-09-13T14:50:36+00:00","og_image":[{"width":477,"height":265,"url":"https:\/\/blog.viscofandobrasil.com.br\/wp-content\/uploads\/2022\/09\/Jose-Antonio-Canales-CEO-da-Viscofan-recebera-o-Premio-de-Gerente-do-Ano-em-Navarra-na-Espanha..jpg","type":"image\/jpeg"}],"author":"Marketing Viscofan","twitter_card":"summary_large_image","twitter_misc":{"Written by":"Marketing Viscofan","Est. reading time":"4 minutes"},"schema":{"@context":"https:\/\/schema.org","@graph":[{"@type":"Article","@id":"https:\/\/blog.viscofandobrasil.com.br\/jose-antonio-canales-ceo-da-viscofan-recebera-o-premio-de-gerente-do-ano-em-navarra-na-espanha\/#article","isPartOf":{"@id":"https:\/\/blog.viscofandobrasil.com.br\/jose-antonio-canales-ceo-da-viscofan-recebera-o-premio-de-gerente-do-ano-em-navarra-na-espanha\/"},"author":{"name":"Marketing Viscofan","@id":"https:\/\/blog.viscofandobrasil.com.br\/#\/schema\/person\/0309029710b685f0be9e96355f6d38d3"},"headline":"Jos\u00e9 Antonio Canales, CEO da Viscofan, receber\u00e1 o Pr\u00eamio de Gerente do Ano em Navarra, na Espanha.","datePublished":"2022-09-08T13:05:16+00:00","dateModified":"2023-09-13T14:50:36+00:00","mainEntityOfPage":{"@id":"https:\/\/blog.viscofandobrasil.com.br\/jose-antonio-canales-ceo-da-viscofan-recebera-o-premio-de-gerente-do-ano-em-navarra-na-espanha\/"},"wordCount":687,"publisher":{"@id":"https:\/\/blog.viscofandobrasil.com.br\/#organization"},"articleSection":["NOT\u00cdCIAS"],"inLanguage":"en-US"},{"@type":"WebPage","@id":"https:\/\/blog.viscofandobrasil.com.br\/jose-antonio-canales-ceo-da-viscofan-recebera-o-premio-de-gerente-do-ano-em-navarra-na-espanha\/","url":"https:\/\/blog.viscofandobrasil.com.br\/jose-antonio-canales-ceo-da-viscofan-recebera-o-premio-de-gerente-do-ano-em-navarra-na-espanha\/","name":"Jos\u00e9 Antonio Canales, CEO da Viscofan, receber\u00e1 o Pr\u00eamio de Gerente do Ano em Navarra, na Espanha. - Blog Viscofan","isPartOf":{"@id":"https:\/\/blog.viscofandobrasil.com.br\/#website"},"datePublished":"2022-09-08T13:05:16+00:00","dateModified":"2023-09-13T14:50:36+00:00","breadcrumb":{"@id":"https:\/\/blog.viscofandobrasil.com.br\/jose-antonio-canales-ceo-da-viscofan-recebera-o-premio-de-gerente-do-ano-em-navarra-na-espanha\/#breadcrumb"},"inLanguage":"en-US","potentialAction":[{"@type":"ReadAction","target":["https:\/\/blog.viscofandobrasil.com.br\/jose-antonio-canales-ceo-da-viscofan-recebera-o-premio-de-gerente-do-ano-em-navarra-na-espanha\/"]}]},{"@type":"BreadcrumbList","@id":"https:\/\/blog.viscofandobrasil.com.br\/jose-antonio-canales-ceo-da-viscofan-recebera-o-premio-de-gerente-do-ano-em-navarra-na-espanha\/#breadcrumb","itemListElement":[{"@type":"ListItem","position":1,"name":"In\u00edcio","item":"https:\/\/blog.viscofandobrasil.com.br\/"},{"@type":"ListItem","position":2,"name":"Jos\u00e9 Antonio Canales, CEO da Viscofan, receber\u00e1 o Pr\u00eamio de Gerente do Ano em Navarra, na Espanha."}]},{"@type":"WebSite","@id":"https:\/\/blog.viscofandobrasil.com.br\/#website","url":"https:\/\/blog.viscofandobrasil.com.br\/","name":"Blog Viscofan","description":"","publisher":{"@id":"https:\/\/blog.viscofandobrasil.com.br\/#organization"},"potentialAction":[{"@type":"SearchAction","target":{"@type":"EntryPoint","urlTemplate":"https:\/\/blog.viscofandobrasil.com.br\/?s={search_term_string}"},"query-input":"required name=search_term_string"}],"inLanguage":"en-US"},{"@type":"Organization","@id":"https:\/\/blog.viscofandobrasil.com.br\/#organization","name":"Blog Viscofan","url":"https:\/\/blog.viscofandobrasil.com.br\/","logo":{"@type":"ImageObject","inLanguage":"en-US","@id":"https:\/\/blog.viscofandobrasil.com.br\/#\/schema\/logo\/image\/","url":"https:\/\/blog.viscofandobrasil.com.br\/wp-content\/uploads\/2022\/03\/cropped-novo-logo-viscofan-1.jpg","contentUrl":"https:\/\/blog.viscofandobrasil.com.br\/wp-content\/uploads\/2022\/03\/cropped-novo-logo-viscofan-1.jpg","width":1000,"height":250,"caption":"Blog Viscofan"},"image":{"@id":"https:\/\/blog.viscofandobrasil.com.br\/#\/schema\/logo\/image\/"}},{"@type":"Person","@id":"https:\/\/blog.viscofandobrasil.com.br\/#\/schema\/person\/0309029710b685f0be9e96355f6d38d3","name":"Marketing Viscofan","image":{"@type":"ImageObject","inLanguage":"en-US","@id":"https:\/\/blog.viscofandobrasil.com.br\/#\/schema\/person\/image\/","url":"https:\/\/secure.gravatar.com\/avatar\/6a71d6c8bac7da99ff1f96995b91c28781f50eb7413ece4c8d8788c902b5f46d?s=96&d=mm&r=g","contentUrl":"https:\/\/secure.gravatar.com\/avatar\/6a71d6c8bac7da99ff1f96995b91c28781f50eb7413ece4c8d8788c902b5f46d?s=96&d=mm&r=g","caption":"Marketing Viscofan"},"sameAs":["https:\/\/blog.viscofandobrasil.com.br"],"url":"https:\/\/blog.viscofandobrasil.com.br\/en\/author\/crespop\/"}]}},"_links":{"self":[{"href":"https:\/\/blog.viscofandobrasil.com.br\/en\/wp-json\/wp\/v2\/posts\/2273","targetHints":{"allow":["GET"]}}],"collection":[{"href":"https:\/\/blog.viscofandobrasil.com.br\/en\/wp-json\/wp\/v2\/posts"}],"about":[{"href":"https:\/\/blog.viscofandobrasil.com.br\/en\/wp-json\/wp\/v2\/types\/post"}],"author":[{"embeddable":true,"href":"https:\/\/blog.viscofandobrasil.com.br\/en\/wp-json\/wp\/v2\/users\/1"}],"replies":[{"embeddable":true,"href":"https:\/\/blog.viscofandobrasil.com.br\/en\/wp-json\/wp\/v2\/comments?post=2273"}],"version-history":[{"count":4,"href":"https:\/\/blog.viscofandobrasil.com.br\/en\/wp-json\/wp\/v2\/posts\/2273\/revisions"}],"predecessor-version":[{"id":2402,"href":"https:\/\/blog.viscofandobrasil.com.br\/en\/wp-json\/wp\/v2\/posts\/2273\/revisions\/2402"}],"wp:featuredmedia":[{"embeddable":true,"href":"https:\/\/blog.viscofandobrasil.com.br\/en\/wp-json\/wp\/v2\/media\/2277"}],"wp:attachment":[{"href":"https:\/\/blog.viscofandobrasil.com.br\/en\/wp-json\/wp\/v2\/media?parent=2273"}],"wp:term":[{"taxonomy":"category","embeddable":true,"href":"https:\/\/blog.viscofandobrasil.com.br\/en\/wp-json\/wp\/v2\/categories?post=2273"},{"taxonomy":"post_tag","embeddable":true,"href":"https:\/\/blog.viscofandobrasil.com.br\/en\/wp-json\/wp\/v2\/tags?post=2273"}],"curies":[{"name":"wp","href":"https:\/\/api.w.org\/{rel}","templated":true}]}}